{
    "licitacoes-e-contratos": [
        {
            "creation_date": "2016-03-15T11:57:26-03:00", 
            "description": "", 
            "modification_date": "2016-03-15T12:02:48-03:00", 
            "title": "Exerc\u00edcio de 2016", 
            "uri": "https://www.patydoalferes.rj.leg.br/transparencia/licitacoes-e-contratos/exercicio-de-2016"
        }, 
        {
            "creation_date": "2018-10-25T13:59:55-02:00", 
            "description": "", 
            "modification_date": "2018-10-25T16:16:05-02:00", 
            "title": "Exerc\u00edcio de 2017", 
            "uri": "https://www.patydoalferes.rj.leg.br/transparencia/licitacoes-e-contratos/exercicio-de-2017"
        }, 
        {
            "creation_date": "2018-10-11T14:01:45-03:00", 
            "description": "", 
            "modification_date": "2025-06-23T10:51:33-03:00", 
            "title": "Exerc\u00edcio de 2018", 
            "uri": "https://www.patydoalferes.rj.leg.br/transparencia/licitacoes-e-contratos/exercicio-2018"
        }, 
        {
            "creation_date": "2019-04-01T16:53:12-03:00", 
            "description": "", 
            "modification_date": "2025-06-23T10:51:46-03:00", 
            "title": "Exerc\u00edcio de 2019", 
            "uri": "https://www.patydoalferes.rj.leg.br/transparencia/licitacoes-e-contratos/exercicio-2019"
        }, 
        {
            "creation_date": "2020-05-05T16:40:33-03:00", 
            "description": "", 
            "modification_date": "2025-06-23T10:52:13-03:00", 
            "title": "Exerc\u00edcio de 2020", 
            "uri": "https://www.patydoalferes.rj.leg.br/transparencia/licitacoes-e-contratos/exercicio-2020"
        }, 
        {
            "creation_date": "2021-01-11T22:32:49-03:00", 
            "description": "", 
            "modification_date": "2025-06-23T10:52:38-03:00", 
            "title": "Exerc\u00edcio de 2021", 
            "uri": "https://www.patydoalferes.rj.leg.br/transparencia/licitacoes-e-contratos/exercicio-2021"
        }, 
        {
            "creation_date": "2022-03-04T14:52:00-03:00", 
            "description": "", 
            "modification_date": "2025-06-23T10:53:46-03:00", 
            "title": "Exerc\u00edcio de 2022", 
            "uri": "https://www.patydoalferes.rj.leg.br/transparencia/licitacoes-e-contratos/exercicio-2022"
        }, 
        {
            "creation_date": "2022-12-14T15:27:06-02:00", 
            "description": "INTEN\u00c7\u00c3O DE COMPRA DA C\u00c2MARA MUNICIPAL DE PATY DO ALFERES", 
            "modification_date": "2022-12-14T15:27:48-02:00", 
            "title": "INTEN\u00c7\u00c3O DE COMPRA", 
            "uri": "https://www.patydoalferes.rj.leg.br/transparencia/licitacoes-e-contratos/intencao-de-compra"
        }, 
        {
            "creation_date": "2023-03-30T13:57:25-03:00", 
            "description": "", 
            "modification_date": "2023-03-30T13:57:28-03:00", 
            "title": "Exerc\u00edcio de 2023", 
            "uri": "https://www.patydoalferes.rj.leg.br/transparencia/licitacoes-e-contratos/exercicio-de-2023"
        }, 
        {
            "creation_date": "2024-01-25T18:22:54-02:00", 
            "description": "", 
            "modification_date": "2024-01-25T18:22:57-02:00", 
            "title": "Exerc\u00edcio de 2024", 
            "uri": "https://www.patydoalferes.rj.leg.br/transparencia/licitacoes-e-contratos/exercicio-de-2024"
        }, 
        {
            "creation_date": "2025-02-24T14:03:56-03:00", 
            "description": "", 
            "modification_date": "2025-08-26T15:23:33-03:00", 
            "title": "Exerc\u00edcio de 2025", 
            "uri": "https://www.patydoalferes.rj.leg.br/transparencia/licitacoes-e-contratos/exercicio-de-2025"
        }, 
        {
            "creation_date": "2026-01-15T13:23:12-02:00", 
            "description": "", 
            "modification_date": "2026-01-28T17:25:22-02:00", 
            "title": "Exerc\u00edcio de 2026", 
            "uri": "https://www.patydoalferes.rj.leg.br/transparencia/licitacoes-e-contratos/exercicio-de-2026"
        }
    ], 
    "orcamento-e-financas": [
        {
            "creation_date": "2018-10-25T14:40:58-02:00", 
            "description": "A Lei Complementar n\u00ba 101, de 4 de maio de 2000, intitulada Lei de Responsabilidade Fiscal (LRF), estabelece normas de finan\u00e7as p\u00fablicas voltadas para a responsabilidade na gest\u00e3o fiscal, com o prop\u00f3sito de assegurar a consecu\u00e7\u00e3o das metas fiscais e a transpar\u00eancia dos gastos p\u00fablicos, pressuposto da \"gest\u00e3o fiscal respons\u00e1vel\".\r\n\r\nComo instrumento de transpar\u00eancia da gest\u00e3o fiscal, a LRF instituiu o Relat\u00f3rio de Gest\u00e3o Fiscal (RGF), abrangendo as informa\u00e7\u00f5es referentes \u00e0 consecu\u00e7\u00e3o das metas fiscais e dos limites de que trata a Lei.\r\n\r\nO RGF deve conter informa\u00e7\u00f5es relativas \u00e0 despesa total com pessoal, d\u00edvida consolidada, concess\u00e3o de garantias e opera\u00e7\u00f5es de cr\u00e9dito, entre outras.", 
            "modification_date": "2018-10-25T14:48:48-02:00", 
            "title": "R.G.F - Relat\u00f3rio de Gest\u00e3o Fiscal", 
            "uri": "https://www.patydoalferes.rj.leg.br/transparencia/orcamento-e-financas/r-g-f-relatorio-de-gestao-fiscal"
        }, 
        {
            "creation_date": "2018-10-25T16:25:01-02:00", 
            "description": "O Plano Plurianual (PPA) \u00e9 um planejamento de m\u00e9dio prazo, que deve ser realizado por meio de lei. Nele, s\u00e3o identificados as prioridades para o per\u00edodo de quatro anos e os investimentos de maior porte. ", 
            "modification_date": "2018-10-25T18:17:12-02:00", 
            "title": "P.P.A - Plano Plurianual", 
            "uri": "https://www.patydoalferes.rj.leg.br/transparencia/orcamento-e-financas/plano-plurianual"
        }, 
        {
            "creation_date": "2018-10-25T16:27:21-02:00", 
            "description": "A Lei de Diretrizes Or\u00e7ament\u00e1rias (LDO)  estabelece quais ser\u00e3o as metas e prioridades para o ano seguinte. Para isso, fixa o montante de recursos que o governo pretende economizar; tra\u00e7a regras, veda\u00e7\u00f5es e limites para as despesas dos Poderes; autoriza o aumento das despesas com pessoal; regulamenta as transfer\u00eancias a entes p\u00fablicos e privados; disciplina o equil\u00edbrio entre as receitas e as despesas; indica prioridades para os financiamentos pelos bancos p\u00fablicos. ", 
            "modification_date": "2018-10-25T22:43:28-02:00", 
            "title": "L.D.O - Lei de Diretrizes Or\u00e7ament\u00e1rias", 
            "uri": "https://www.patydoalferes.rj.leg.br/transparencia/orcamento-e-financas/l-d-o-lei-de-diretrizes-orcamentarias"
        }, 
        {
            "creation_date": "2018-10-25T16:35:51-02:00", 
            "description": "A Lei Or\u00e7ament\u00e1ria Anual (LOA) estabelece os Or\u00e7amentos, por interm\u00e9dio dos quais s\u00e3o estimadas as receitas e fixadas as despesas do governo.", 
            "modification_date": "2018-10-26T10:11:34-02:00", 
            "title": "L.O.A - Lei Or\u00e7ament\u00e1ria Anual", 
            "uri": "https://www.patydoalferes.rj.leg.br/transparencia/orcamento-e-financas/l-o-a-lei-orcamentaria-anual"
        }
    ], 
    "recursos-humanos": [
        {
            "creation_date": "2018-10-26T15:33:08-02:00", 
            "description": "", 
            "modification_date": "2022-06-14T09:39:48-03:00", 
            "remoteUrl": "https://transparencia.betha.cloud/#/HA3PL6-OpJiWSu8wCrnhcA==/consulta/19252", 
            "title": "Rela\u00e7\u00e3o Geral da Folha", 
            "uri": "https://www.patydoalferes.rj.leg.br/transparencia/recursos-humanos/quadro-de-pessoal-cmpa"
        }, 
        {
            "creation_date": "2018-10-26T15:35:16-02:00", 
            "description": "", 
            "modification_date": "2022-06-14T09:39:08-03:00", 
            "remoteUrl": "https://transparencia.betha.cloud/#/HA3PL6-OpJiWSu8wCrnhcA==/agrupador/19260", 
            "title": "Consulta Folha de Pagamento", 
            "uri": "https://www.patydoalferes.rj.leg.br/transparencia/recursos-humanos/total-folha-de-pagamento"
        }, 
        {
            "creation_date": "2019-04-02T13:47:56-03:00", 
            "description": "Lei N\u00ba2.544 de 18 de Mar\u00e7o de 2019 - Revis\u00e3o salarial dos Servidores do Legislativo Municipal. Publicado no Di\u00e1rio Oficial N\u00ba 3012 de 18 de Mar\u00e7o de 2019.", 
            "file": {
                "filename": "Reajuste D.O. 3012 - 18-03-2019.cdr.pdf", 
                "height": 0, 
                "size": 231846, 
                "uri": "https://www.patydoalferes.rj.leg.br/transparencia/recursos-humanos/revisao-salarial-de-2019/@@images/file", 
                "width": 0
            }, 
            "modification_date": "2019-04-02T13:47:57-03:00", 
            "title": "Revis\u00e3o Salarial de 2019.", 
            "uri": "https://www.patydoalferes.rj.leg.br/transparencia/recursos-humanos/revisao-salarial-de-2019"
        }, 
        {
            "creation_date": "2020-12-04T17:13:34-03:00", 
            "description": "CADERNO ESPECIAL - PATYPREVI\r\nPOL\u00cdTICA DE INVESTIMENTOS 2021\r\nRELAT\u00d3RIO 3\u00ba TRIMESTRE DE 2020\r\n", 
            "file": {
                "filename": "PatyPrevi D.O.-3426-30-11-2020-Paty-Previ-Parte-01.pdf", 
                "height": 0, 
                "size": 17180513, 
                "uri": "https://www.patydoalferes.rj.leg.br/transparencia/recursos-humanos/politica-de-investimentos-2021-patyprevi-parte1/@@images/file", 
                "width": 0
            }, 
            "modification_date": "2020-12-04T17:13:34-03:00", 
            "title": "Pol\u00edtica de Investimentos 2021 - PATYPREVI - Parte1", 
            "uri": "https://www.patydoalferes.rj.leg.br/transparencia/recursos-humanos/politica-de-investimentos-2021-patyprevi-parte1"
        }, 
        {
            "creation_date": "2020-12-04T17:16:24-03:00", 
            "description": "", 
            "file": {
                "filename": "PatyPrevi D.O.-3426-30-11-2020-Paty-Previ-Parte-02.pdf", 
                "height": 0, 
                "size": 14808881, 
                "uri": "https://www.patydoalferes.rj.leg.br/transparencia/recursos-humanos/politica-de-investimentos-2021-patyprevi-parte2/@@images/file", 
                "width": 0
            }, 
            "modification_date": "2020-12-04T17:16:25-03:00", 
            "title": "Pol\u00edtica de Investimentos 2021 - PATYPREVI - Parte2", 
            "uri": "https://www.patydoalferes.rj.leg.br/transparencia/recursos-humanos/politica-de-investimentos-2021-patyprevi-parte2"
        }, 
        {
            "creation_date": "2021-07-05T15:48:52-03:00", 
            "description": "Ato de aposentadoria do Servidor RUY CARLOS DE CARVALHO RIBEIRO, conforme publica\u00e7\u00e3o do DO do Munic\u00edpio de Paty do Alferes, n\u00ba 3560, de 28 de junho de 2021, localizado na p\u00e1gina 03.", 
            "file": {
                "filename": "D.O.-3560-28-06-2021-ok.pdf", 
                "height": 0, 
                "size": 2781215, 
                "uri": "https://www.patydoalferes.rj.leg.br/transparencia/recursos-humanos/ato-de-aposentadoria-de-servidor/@@images/file", 
                "width": 0
            }, 
            "modification_date": "2021-07-05T15:48:53-03:00", 
            "title": "ATO DE APOSENTADORIA DE SERVIDOR", 
            "uri": "https://www.patydoalferes.rj.leg.br/transparencia/recursos-humanos/ato-de-aposentadoria-de-servidor"
        }, 
        {
            "creation_date": "2023-10-23T11:00:12-02:00", 
            "description": "PLANO ANUAL DE CAPACITA\u00c7\u00c3O DOS SERVIDORES DA C\u00c2MARA MUNICIPAL DE PATY DO ALFERES", 
            "file": {
                "filename": "Plano Anual Capacita\u00e7\u00e3o-1-4.pdf", 
                "height": 0, 
                "size": 948148, 
                "uri": "https://www.patydoalferes.rj.leg.br/transparencia/recursos-humanos/plano-anual-de-capacitacao/@@images/file", 
                "width": 0
            }, 
            "modification_date": "2023-10-23T11:00:12-02:00", 
            "title": "PLANO ANUAL DE CAPACITA\u00c7\u00c3O", 
            "uri": "https://www.patydoalferes.rj.leg.br/transparencia/recursos-humanos/plano-anual-de-capacitacao"
        }, 
        {
            "creation_date": "2024-02-19T10:11:26-03:00", 
            "description": "", 
            "file": {
                "filename": "Elabora\u00e7\u00e3o de Planos de Capacita\u00e7\u00e3o 2024.pdf", 
                "height": 0, 
                "size": 261597, 
                "uri": "https://www.patydoalferes.rj.leg.br/transparencia/recursos-humanos/plano-anual-de-capacitacao-2024/@@images/file", 
                "width": 0
            }, 
            "modification_date": "2024-02-19T10:11:26-03:00", 
            "title": "PLANO ANUAL DE CAPACITA\u00c7\u00c3O 2024", 
            "uri": "https://www.patydoalferes.rj.leg.br/transparencia/recursos-humanos/plano-anual-de-capacitacao-2024"
        }, 
        {
            "creation_date": "2025-01-06T19:09:32-02:00", 
            "description": "", 
            "file": {
                "filename": "parecer da comiss\u00e3o geral 2024.doc", 
                "height": 0, 
                "size": 38400, 
                "uri": "https://www.patydoalferes.rj.leg.br/transparencia/recursos-humanos/parecer-referente-avaliacao-de-desempenho-funcional-2013-exercicio-2024/@@images/file", 
                "width": 0
            }, 
            "modification_date": "2025-01-06T19:09:32-02:00", 
            "title": "PARECER REFERENTE AVALIA\u00c7\u00c3O DE DESEMPENHO FUNCIONAL \u2013 EXERC\u00cdCIO 2024", 
            "uri": "https://www.patydoalferes.rj.leg.br/transparencia/recursos-humanos/parecer-referente-avaliacao-de-desempenho-funcional-2013-exercicio-2024"
        }, 
        {
            "creation_date": "2025-04-14T14:28:54-03:00", 
            "description": "", 
            "file": {
                "filename": "parecer da comiss\u00e3o geral 2025.pdf", 
                "height": 0, 
                "size": 103500, 
                "uri": "https://www.patydoalferes.rj.leg.br/transparencia/recursos-humanos/parecer-referente-avaliacao-de-desempenho-funcional-2013-exercicio-2025/@@images/file", 
                "width": 0
            }, 
            "modification_date": "2025-04-14T14:28:54-03:00", 
            "title": "PARECER REFERENTE AVALIA\u00c7\u00c3O DE DESEMPENHO  FUNCIONAL \u2013 EXERC\u00cdCIO 2025", 
            "uri": "https://www.patydoalferes.rj.leg.br/transparencia/recursos-humanos/parecer-referente-avaliacao-de-desempenho-funcional-2013-exercicio-2025"
        }
    ]
}