{"provider_url": "https://www.patydoalferes.rj.leg.br", "title": "Hor\u00e1rio de Atendimento e Contatos", "html": "<table>\r\n<tbody>\r\n<tr>\r\n<td>\r\n<p>Email</p>\r\n</td>\r\n<td>\r\n<p>Setor</p>\r\n</td>\r\n</tr>\r\n<tr>\r\n<td>\r\n<p>camara@patydoalferes.rj.leg.br</p>\r\n<p>\u00a0</p>\r\n</td>\r\n<td>\r\n<p>Assuntos da Diretoria Administrativa e assuntos em geral da C\u00e2mara, servindo de interface com os demais \u00f3rg\u00e3os e popula\u00e7\u00e3o em geral.</p>\r\n<p>\u00a0</p>\r\n</td>\r\n</tr>\r\n<tr>\r\n<td>\r\n<p>compras@patydoalferes.rj.leg.br</p>\r\n<p>\u00a0</p>\r\n</td>\r\n<td>\r\n<p>Assuntos da Diretoria de Compras e Planejamento.</p>\r\n<p>\u00a0</p>\r\n</td>\r\n</tr>\r\n<tr>\r\n<td>\r\n<p>financeiro@patydoalferes.rj.leg.br</p>\r\n<p>\u00a0</p>\r\n</td>\r\n<td>\r\n<p>Assuntos da Diretoria Financeira</p>\r\n<p>\u00a0</p>\r\n</td>\r\n</tr>\r\n<tr>\r\n<td>\r\n<p>contabilidade@patydoalferes.rj.leg.br</p>\r\n<p>\u00a0</p>\r\n</td>\r\n<td>\r\n<p>Assuntos da Contabilidade</p>\r\n<p>\u00a0</p>\r\n</td>\r\n</tr>\r\n<tr>\r\n<td>\r\n<p>controleinterno@patydoalferes.rj.leg.br</p>\r\n<p>\u00a0</p>\r\n</td>\r\n<td>\r\n<p>Assuntos do Controle Interno</p>\r\n<p>\u00a0</p>\r\n</td>\r\n</tr>\r\n<tr>\r\n<td>\r\n<p>juridico@patydoalferes.rj.leg.br</p>\r\n<p>\u00a0</p>\r\n</td>\r\n<td>\r\n<p>Assuntos da Procuradoria Jur\u00eddica</p>\r\n<p>\u00a0</p>\r\n</td>\r\n</tr>\r\n<tr>\r\n<td>\r\n<p>legislativo@patydoalferes.rj.leg.br</p>\r\n<p>\u00a0</p>\r\n</td>\r\n<td>\r\n<p>Assuntos da Secretaria Geral</p>\r\n<p>\u00a0</p>\r\n</td>\r\n</tr>\r\n<tr>\r\n<td>\r\n<p>tesouraria@patydoalferes.rj.leg.br</p>\r\n<p>\u00a0</p>\r\n</td>\r\n<td>\r\n<p>Assuntos da Tesouraria</p>\r\n<p>\u00a0</p>\r\n</td>\r\n</tr>\r\n<tr>\r\n<td>\r\n<p>arquivocontabil@patydoalferes.rj.leg.br</p>\r\n<p>\u00a0</p>\r\n</td>\r\n<td>\r\n<p>Assuntos do Arquivo Cont\u00e1bil</p>\r\n<p>\u00a0</p>\r\n</td>\r\n</tr>\r\n</tbody>\r\n</table>", "author_name": "", "version": "1.0", "author_url": "https://www.patydoalferes.rj.leg.br/author/adm", "provider_name": "C\u00e2mara Municipal de Paty do Alferes.", "type": "rich"}